{"id":5878,"global_id":"acaes.net\/ca?id=5878","global_id_lineage":["acaes.net\/ca?id=5878"],"author":"4","status":"publish","date":"2023-03-29 08:14:55","date_utc":"2023-03-29 06:14:55","modified":"2023-10-10 08:17:35","modified_utc":"2023-10-10 06:17:35","url":"https:\/\/acaes.net\/ca\/actos\/35o-aniversario-incorporacion-mujer-en-la-guardia-civil\/","rest_url":"https:\/\/acaes.net\/ca\/wp-json\/tribe\/events\/v1\/events\/5878","title":"35\u00ba Aniversario Incorporaci\u00f3n Mujer en la Guardia Civil","description":"<p>ACAES fue invitada a participar en el mesa de debate organizada por la Comandancia de Tarragona de la Guardia Civil conmemorativa del 35\u00ba aniversario de la incorporaci\u00f3n de la mujer en la Guardia Civil. Bajo el lema \u00abMujeres Seguras\u00bb, la gerente de Acaes, Anna Aisa, particip\u00f3 junto con la Comandante de la Guardia Civil, Beatriz Ad\u00e1n, la Decana del Colegio de la Abogac\u00eda de Tarragona, Estela Martin, y las Guardias Antonia Collado y Olga.<\/p>","excerpt":"","slug":"35o-aniversario-incorporacion-mujer-en-la-guardia-civil","image":{"url":"https:\/\/acaes.net\/wp-content\/uploads\/2023\/10\/35o-Aniversario-Incorporacion-Mujer-en-la-Guardia-Civil-boletin-acaes-1.jpeg","id":5880,"extension":"jpeg","width":1200,"height":900,"filesize":145700,"sizes":{"medium":{"width":300,"height":225,"mime-type":"image\/jpeg","filesize":16497,"url":"https:\/\/acaes.net\/wp-content\/uploads\/2023\/10\/35o-Aniversario-Incorporacion-Mujer-en-la-Guardia-Civil-boletin-acaes-1-300x225.jpeg"},"large":{"width":1024,"height":768,"mime-type":"image\/jpeg","filesize":121972,"url":"https:\/\/acaes.net\/wp-content\/uploads\/2023\/10\/35o-Aniversario-Incorporacion-Mujer-en-la-Guardia-Civil-boletin-acaes-1-1024x768.jpeg"},"thumbnail":{"width":150,"height":150,"mime-type":"image\/jpeg","filesize":6358,"url":"https:\/\/acaes.net\/wp-content\/uploads\/2023\/10\/35o-Aniversario-Incorporacion-Mujer-en-la-Guardia-Civil-boletin-acaes-1-150x150.jpeg"},"medium_large":{"width":768,"height":576,"mime-type":"image\/jpeg","filesize":76566,"url":"https:\/\/acaes.net\/wp-content\/uploads\/2023\/10\/35o-Aniversario-Incorporacion-Mujer-en-la-Guardia-Civil-boletin-acaes-1-768x576.jpeg"}}},"all_day":true,"start_date":"2023-03-29 00:00:00","start_date_details":{"year":"2023","month":"03","day":"29","hour":"00","minutes":"00","seconds":"00"},"end_date":"2023-03-29 23:59:59","end_date_details":{"year":"2023","month":"03","day":"29","hour":"23","minutes":"59","seconds":"59"},"utc_start_date":"2023-03-28 22:00:00","utc_start_date_details":{"year":"2023","month":"03","day":"28","hour":"22","minutes":"00","seconds":"00"},"utc_end_date":"2023-03-29 21:59:59","utc_end_date_details":{"year":"2023","month":"03","day":"29","hour":"21","minutes":"59","seconds":"59"},"timezone":"Europe\/Madrid","timezone_abbr":"CEST","cost":"","cost_details":{"currency_symbol":"","currency_code":"","currency_position":"suffix","values":[]},"website":"","show_map":false,"show_map_link":true,"hide_from_listings":false,"sticky":false,"featured":false,"categories":[{"name":"N\u00fam. 122 marzo 2023","slug":"num-122-marzo-2023","term_group":0,"term_taxonomy_id":50,"taxonomy":"tribe_events_cat","description":"","parent":0,"count":7,"filter":"raw","term_order":"28","id":50,"urls":{"self":"https:\/\/acaes.net\/ca\/wp-json\/tribe\/events\/v1\/categories\/50","collection":"https:\/\/acaes.net\/ca\/wp-json\/tribe\/events\/v1\/categories"}}],"tags":[],"venue":[],"organizer":[],"custom_fields":[],"json_ld":{"@context":"http:\/\/schema.org","@type":"Event","name":"35\u00ba Aniversario Incorporaci\u00f3n Mujer en la Guardia Civil","description":"&lt;p&gt;ACAES fue invitada a participar en el mesa de debate organizada por la Comandancia de Tarragona de la Guardia Civil conmemorativa del 35\u00ba aniversario de la incorporaci\u00f3n de la mujer [&hellip;]&lt;\/p&gt;\\n","image":"https:\/\/acaes.net\/wp-content\/uploads\/2023\/10\/35o-Aniversario-Incorporacion-Mujer-en-la-Guardia-Civil-boletin-acaes-1.jpeg","url":"https:\/\/acaes.net\/ca\/actos\/35o-aniversario-incorporacion-mujer-en-la-guardia-civil\/","eventAttendanceMode":"https:\/\/schema.org\/OfflineEventAttendanceMode","eventStatus":"https:\/\/schema.org\/EventScheduled","startDate":"2023-03-29T00:00:00+02:00","endDate":"2023-03-29T23:59:59+02:00","performer":"Organization"}}