{"id":6943,"date":"2024-06-28T11:24:46","date_gmt":"2024-06-28T09:24:46","guid":{"rendered":"https:\/\/acaes.net\/?p=6943"},"modified":"2025-09-17T08:33:15","modified_gmt":"2025-09-17T06:33:15","slug":"nueva-politica-de-privacidad-de-meta","status":"publish","type":"post","link":"https:\/\/acaes.net\/ca\/nueva-politica-de-privacidad-de-meta\/","title":{"rendered":"Nueva pol\u00edtica de privacidad de META"},"content":{"rendered":"<div data-elementor-type=\"wp-post\" data-elementor-id=\"6943\" class=\"elementor elementor-6943\" data-elementor-post-type=\"post\">\n\t\t\t\t<div class=\"elementor-element elementor-element-7e89562b e-flex e-con-boxed e-con e-parent\" data-id=\"7e89562b\" data-element_type=\"container\" data-e-type=\"container\">\n\t\t\t\t\t<div class=\"e-con-inner\">\n\t\t\t\t<div class=\"elementor-element elementor-element-7a7cbfe elementor-widget elementor-widget-image\" data-id=\"7a7cbfe\" data-element_type=\"widget\" data-e-type=\"widget\" data-widget_type=\"image.default\">\n\t\t\t\t<div class=\"elementor-widget-container\">\n\t\t\t\t\t\t\t\t\t\t\t\t\t\t\t<img fetchpriority=\"high\" decoding=\"async\" width=\"699\" height=\"397\" src=\"https:\/\/acaes.net\/wp-content\/uploads\/2024\/06\/meta.png\" class=\"attachment-large size-large wp-image-6944\" alt=\"\" srcset=\"https:\/\/acaes.net\/wp-content\/uploads\/2024\/06\/meta.png 699w, https:\/\/acaes.net\/wp-content\/uploads\/2024\/06\/meta-300x170.png 300w, https:\/\/acaes.net\/wp-content\/uploads\/2024\/06\/meta-18x10.png 18w\" sizes=\"(max-width: 699px) 100vw, 699px\" \/>\t\t\t\t\t\t\t\t\t\t\t\t\t\t\t<\/div>\n\t\t\t\t<\/div>\n\t\t\t\t<div class=\"elementor-element elementor-element-28e5b8f1 elementor-widget elementor-widget-text-editor\" data-id=\"28e5b8f1\" data-element_type=\"widget\" data-e-type=\"widget\" data-widget_type=\"text-editor.default\">\n\t\t\t\t<div class=\"elementor-widget-container\">\n\t\t\t\t\t\t\t\t\t<p style=\"text-align: justify;\">El uso de aplicaciones inform\u00e1ticas y redes sociales puede generar impacto en la empresa si no se usan con responsabilidad. Si en nuestra empresa hacemos uso de FACEBOOK, MESSENGER, INSTAGRAM O WHATSAPP, entonces somos \u201cclientes\u201d de META.<\/p><p style=\"text-align: justify;\">Por este motivo, es importante disponer de informaci\u00f3n clara acerca de la nueva pol\u00edtica de privacidad que ha elaborado META y que ten\u00eda previsto entrar vigor a partir del 26 de junio de 2024.<\/p><p style=\"text-align: justify;\">Ya sabemos que hacer uso empresarial de wasap o de Facebook implica una serie de riesgos en materia de privacidad, seguridad y cesi\u00f3n de datos que, por lo com\u00fan, son incompatibles con una buena pol\u00edtica de protecci\u00f3n de datos pero es que, recientemente ,la propia compa\u00f1\u00eda anunciaba una vuelta de tuerca en su pol\u00edtica de privacidad para permitir el uso de los datos volcados en procesos de IA.<\/p><p style=\"text-align: justify;\">Por suerte, META acaba de lanzar un comunicado sobre la paralizaci\u00f3n de su proyecto de entrenar a sus modelos de Inteligencia Artificial tras la presi\u00f3n realizada por la Comisi\u00f3n de Protecci\u00f3n de Datos de Irlanda (DPC) y otros organismos de control europeos.<\/p><p style=\"text-align: justify;\">No obstante, a pesar de que se encuentre paralizado, somos conscientes de las implicaciones y efectos que podr\u00eda tener la novedosa pol\u00edtica de privacidad en los datos personales de los usuarios, por lo que mediante este informe queremos ofrecerles: una visi\u00f3n clara y sencilla de la situaci\u00f3n, realizar una serie de recomendaciones y, por \u00faltimo, pero no menos importante, fomentar una concienciaci\u00f3n en nuestros clientes.<\/p><p style=\"text-align: justify;\"><strong>LA NUEVA POL\u00cdTICA DE PRIVACIDAD DE META<\/strong><\/p><p style=\"text-align: justify;\">El cambio en la pol\u00edtica de privacidad de Meta consiste en que aquella empresa utilizar\u00e1 los distintos datos de car\u00e1cter personal de los usuarios de las distintas redes sociales para entrenar su modelo de Inteligencia Artificial Generativa, lo que significa en otras palabras, que es una inteligencia artificial cuyo objetivo es crear contenido (indefinido) a trav\u00e9s de las aportaciones de los usuarios para mejorar la experiencia (indefinido), es decir, se van a utilizar fotograf\u00edas , pies de fotos de Instagram y Facebook para que META las use de referente y servir de entrenamiento a la Inteligencia Artificial.<\/p><p style=\"text-align: justify;\">META ten\u00eda la intenci\u00f3n de introducir la nueva pol\u00edtica de privacidad, y, por lo tanto, tratar los datos personales de millones de usuarios, a partir del 26 de junio sin recabar su consentimiento en los t\u00e9rminos recogidos en el RGPD y para una finalidad de la que, que a d\u00eda de hoy, no se conocen las implicaciones reales que puede llevar aparejadas (\u00fanicamente notificaron que iban a introducir novedades, entendiendo la situaci\u00f3n como suficiente en materia de protecci\u00f3n de datos). La preocupaci\u00f3n por la privacidad en Europa, as\u00ed como su estricta normativa sumado a la peligrosidad de su actuaci\u00f3n, as\u00ed como a la desinformaci\u00f3n sobre el tratamiento, han dado lugar a la paralizaci\u00f3n de su proyecto, por lo que, por el momento no deben preocuparse.<\/p><p style=\"text-align: justify;\">Cada usuario es due\u00f1o de sus datos, pero no es due\u00f1o de los datos de terceros que vuelca. Si la empresa hace un uso responsable de RRSS, ser\u00e1 con apoyo en la actual pol\u00edtica de privacidad, por lo que si esta cambia, deber\u00e1 repasar todo aquello que ha publicado o denegar su consentimiento. La interrelaci\u00f3n de todos los datos, de todos los usuarios, y la apropiaci\u00f3n de toda la informaci\u00f3n para su reelaboraci\u00f3n por parte de META plantea un problema de derechos fundamentales y tambi\u00e9n de soberan\u00eda nacional.<\/p><p style=\"text-align: justify;\"><strong>CONSEJO<\/strong><\/p><p style=\"text-align: justify;\">Pida la atenci\u00f3n de su DPO. Aunque se encuentre paralizada la entrada en vigor de la pol\u00edtica de privacidad de META, consideramos que deber\u00edan evitar el uso de wasap en el \u00e1mbito empresarial y que si hacen uso de RRSS , en el momento que sea posible, deber\u00e1n OPONERSE al tratamiento para fines de entrenamiento de Inteligencia Artificial.<\/p><p style=\"text-align: justify;\">Al encontrarse paralizado el proyecto de Meta, por el momento, no existe la opci\u00f3n de oponerse a tal tratamiento (debido a que tampoco existe tal tratamiento). Estaremos atentos ae informaremos de las novedades que vayan surgiendo.<\/p>\t\t\t\t\t\t\t\t<\/div>\n\t\t\t\t<\/div>\n\t\t\t\t\t<\/div>\n\t\t\t\t<\/div>\n\t\t\t\t<\/div>","protected":false},"excerpt":{"rendered":"<p>El uso de aplicaciones inform\u00e1ticas y redes sociales puede generar impacto en la empresa si no se usan con responsabilidad. Si en nuestra empresa hacemos uso de FACEBOOK, MESSENGER, INSTAGRAM [&hellip;]<\/p>\n","protected":false},"author":4,"featured_media":0,"comment_status":"closed","ping_status":"open","sticky":false,"template":"","format":"standard","meta":{"footnotes":""},"categories":[57],"tags":[],"class_list":["post-6943","post","type-post","status-publish","format-standard","hentry","category-butlleti"],"_links":{"self":[{"href":"https:\/\/acaes.net\/ca\/wp-json\/wp\/v2\/posts\/6943","targetHints":{"allow":["GET"]}}],"collection":[{"href":"https:\/\/acaes.net\/ca\/wp-json\/wp\/v2\/posts"}],"about":[{"href":"https:\/\/acaes.net\/ca\/wp-json\/wp\/v2\/types\/post"}],"author":[{"embeddable":true,"href":"https:\/\/acaes.net\/ca\/wp-json\/wp\/v2\/users\/4"}],"replies":[{"embeddable":true,"href":"https:\/\/acaes.net\/ca\/wp-json\/wp\/v2\/comments?post=6943"}],"version-history":[{"count":4,"href":"https:\/\/acaes.net\/ca\/wp-json\/wp\/v2\/posts\/6943\/revisions"}],"predecessor-version":[{"id":6948,"href":"https:\/\/acaes.net\/ca\/wp-json\/wp\/v2\/posts\/6943\/revisions\/6948"}],"wp:attachment":[{"href":"https:\/\/acaes.net\/ca\/wp-json\/wp\/v2\/media?parent=6943"}],"wp:term":[{"taxonomy":"category","embeddable":true,"href":"https:\/\/acaes.net\/ca\/wp-json\/wp\/v2\/categories?post=6943"},{"taxonomy":"post_tag","embeddable":true,"href":"https:\/\/acaes.net\/ca\/wp-json\/wp\/v2\/tags?post=6943"}],"curies":[{"name":"wp","href":"https:\/\/api.w.org\/{rel}","templated":true}]}}